{"id":12884,"date":"2021-05-05T11:24:15","date_gmt":"2021-05-05T09:24:15","guid":{"rendered":"https:\/\/bma.brussels\/?p=12884"},"modified":"2021-05-05T11:24:15","modified_gmt":"2021-05-05T09:24:15","slug":"sustainable-neighbourhood-coordinator","status":"publish","type":"post","link":"https:\/\/bma.brussels\/en\/sustainable-neighbourhood-coordinator\/","title":{"rendered":"SUSTAINABLE NEIGHBOURHOOD COORDINATOR"},"content":{"rendered":"<p>The Be Sustainable platform consists of a network, tools, inspiration, knowledge and a support service to build up ambitious sustainable neighbourhoods. Developed by the Brussels Region, this strategy is fully in line with the Brussels Regional Sustainable Development Plan (PRDD) and the United Nations\u2019 sustainable development targets. The platform is operated and developed by the Sustainable Neighbourhood Coordination team, under the supervision of Brussels Environment. This tender is for the appointment of the Coordinator.<\/p>\n<p>In order to direct the practices of the urban and regional planning sector towards greater sustainability, the coordinator\u2019s mission is to make the Be Sustainable approach known and to empower public (and private) project owners in their use of the tool. Support for change in practices is deployed through several different work areas, such as accompanying neighbourhood projects, providing adapted educational courses, setting up a network of players via the web platform and targeted actions, the provision of tools and information, etc.<\/p>\n<p>The present contract will consist of the candidate putting forward his\/her experience, firstly in the field of town planning for a sustainable urban development project, and secondly, in the field of assistance for the contracting authority, or coordination. Furthermore, he\/she will explain his\/her understanding of the mission of the Sustainable Neighbourhood Coordinator and his\/her methodology for attaining mission targets. Skills in town planning, sustainable development and the supervision of adult education will be required.<\/p>\n<p><em>Be Sustainable is the result of a co-production process between five regional institutions active in the field of spatial planning and urban revitalisation in Brussels: Brussels Environement, perspective.brussels, Soci\u00e9t\u00e9 d&#8217;Am\u00e9nagement Urbain (SAU), Urban.brussels and the BMA.<\/em><\/p>\n","protected":false},"excerpt":{"rendered":"<p>The Be Sustainable platform consists of a network, tools, inspiration, knowledge and a support service to build up ambitious sustainable neighbourhoods. Developed by the Brussels Region, this strategy is fully in line with the Brussels Regional Sustainable Development Plan (PRDD) and the United Nations\u2019 sustainable development targets. The platform is operated and developed by the [&hellip;]<\/p>\n","protected":false},"author":16,"featured_media":12851,"comment_status":"closed","ping_status":"closed","sticky":false,"template":"","format":"standard","meta":{"_acf_changed":false,"footnotes":""},"categories":[259],"tags":[793,792,654,791],"class_list":["post-12884","post","type-post","status-publish","format-standard","has-post-thumbnail","hentry","category-news-en","tag-besustainable-en","tag-bruxellesenvironnement-en","tag-sustainability","tag-sustainable-neighbourhood-coordinator"],"acf":[],"yoast_head":"<!-- This site is optimized with the Yoast SEO plugin v26.2 - https:\/\/yoast.com\/wordpress\/plugins\/seo\/ -->\n<title>SUSTAINABLE NEIGHBOURHOOD COORDINATOR - bma<\/title>\n<meta name=\"robots\" content=\"index, follow, max-snippet:-1, max-image-preview:large, max-video-preview:-1\" \/>\n<link rel=\"canonical\" href=\"https:\/\/bma.brussels\/en\/sustainable-neighbourhood-coordinator\/\" \/>\n<meta property=\"og:locale\" content=\"en_GB\" \/>\n<meta property=\"og:type\" content=\"article\" \/>\n<meta property=\"og:title\" content=\"SUSTAINABLE NEIGHBOURHOOD COORDINATOR - bma\" \/>\n<meta property=\"og:description\" content=\"The Be Sustainable platform consists of a network, tools, inspiration, knowledge and a support service to build up ambitious sustainable neighbourhoods. Developed by the Brussels Region, this strategy is fully in line with the Brussels Regional Sustainable Development Plan (PRDD) and the United Nations\u2019 sustainable development targets. The platform is operated and developed by the [&hellip;]\" \/>\n<meta property=\"og:url\" content=\"https:\/\/bma.brussels\/en\/sustainable-neighbourhood-coordinator\/\" \/>\n<meta property=\"og:site_name\" content=\"bma\" \/>\n<meta property=\"article:published_time\" content=\"2021-05-05T09:24:15+00:00\" \/>\n<meta property=\"og:image\" content=\"https:\/\/bma.brussels\/app\/uploads\/2021\/04\/Image-facilitateur-QD.jpg\" \/>\n\t<meta property=\"og:image:width\" content=\"1388\" \/>\n\t<meta property=\"og:image:height\" content=\"920\" \/>\n\t<meta property=\"og:image:type\" content=\"image\/jpeg\" \/>\n<meta name=\"author\" content=\"Theo Brackx\" \/>\n<meta name=\"twitter:card\" content=\"summary_large_image\" \/>\n<meta name=\"twitter:label1\" content=\"Written by\" \/>\n\t<meta name=\"twitter:data1\" content=\"Theo Brackx\" \/>\n\t<meta name=\"twitter:label2\" content=\"Estimated reading time\" \/>\n\t<meta name=\"twitter:data2\" content=\"2 minutes\" \/>\n<script type=\"application\/ld+json\" class=\"yoast-schema-graph\">{\"@context\":\"https:\/\/schema.org\",\"@graph\":[{\"@type\":\"WebPage\",\"@id\":\"https:\/\/bma.brussels\/en\/sustainable-neighbourhood-coordinator\/\",\"url\":\"https:\/\/bma.brussels\/en\/sustainable-neighbourhood-coordinator\/\",\"name\":\"SUSTAINABLE NEIGHBOURHOOD COORDINATOR - bma\",\"isPartOf\":{\"@id\":\"https:\/\/bma.brussels\/#website\"},\"primaryImageOfPage\":{\"@id\":\"https:\/\/bma.brussels\/en\/sustainable-neighbourhood-coordinator\/#primaryimage\"},\"image\":{\"@id\":\"https:\/\/bma.brussels\/en\/sustainable-neighbourhood-coordinator\/#primaryimage\"},\"thumbnailUrl\":\"https:\/\/bma.brussels\/app\/uploads\/2021\/04\/Image-facilitateur-QD.jpg\",\"datePublished\":\"2021-05-05T09:24:15+00:00\",\"author\":{\"@id\":\"https:\/\/bma.brussels\/#\/schema\/person\/b90cb0a3547e02b6d81d6fc110eca706\"},\"breadcrumb\":{\"@id\":\"https:\/\/bma.brussels\/en\/sustainable-neighbourhood-coordinator\/#breadcrumb\"},\"inLanguage\":\"en-GB\",\"potentialAction\":[{\"@type\":\"ReadAction\",\"target\":[\"https:\/\/bma.brussels\/en\/sustainable-neighbourhood-coordinator\/\"]}]},{\"@type\":\"ImageObject\",\"inLanguage\":\"en-GB\",\"@id\":\"https:\/\/bma.brussels\/en\/sustainable-neighbourhood-coordinator\/#primaryimage\",\"url\":\"https:\/\/bma.brussels\/app\/uploads\/2021\/04\/Image-facilitateur-QD.jpg\",\"contentUrl\":\"https:\/\/bma.brussels\/app\/uploads\/2021\/04\/Image-facilitateur-QD.jpg\",\"width\":1388,\"height\":920,\"caption\":\"(c) Bruxelles Environnement - Leefmilieu Brussel\"},{\"@type\":\"BreadcrumbList\",\"@id\":\"https:\/\/bma.brussels\/en\/sustainable-neighbourhood-coordinator\/#breadcrumb\",\"itemListElement\":[{\"@type\":\"ListItem\",\"position\":1,\"name\":\"Accueil\",\"item\":\"https:\/\/bma.brussels\/en\/\"},{\"@type\":\"ListItem\",\"position\":2,\"name\":\"SUSTAINABLE NEIGHBOURHOOD COORDINATOR\"}]},{\"@type\":\"WebSite\",\"@id\":\"https:\/\/bma.brussels\/#website\",\"url\":\"https:\/\/bma.brussels\/\",\"name\":\"bma\",\"description\":\"\",\"potentialAction\":[{\"@type\":\"SearchAction\",\"target\":{\"@type\":\"EntryPoint\",\"urlTemplate\":\"https:\/\/bma.brussels\/?s={search_term_string}\"},\"query-input\":{\"@type\":\"PropertyValueSpecification\",\"valueRequired\":true,\"valueName\":\"search_term_string\"}}],\"inLanguage\":\"en-GB\"},{\"@type\":\"Person\",\"@id\":\"https:\/\/bma.brussels\/#\/schema\/person\/b90cb0a3547e02b6d81d6fc110eca706\",\"name\":\"Theo Brackx\",\"image\":{\"@type\":\"ImageObject\",\"inLanguage\":\"en-GB\",\"@id\":\"https:\/\/bma.brussels\/#\/schema\/person\/image\/\",\"url\":\"https:\/\/secure.gravatar.com\/avatar\/6fa6e1e9e35157d694387f1342e520bd122024b48932c58a8dd55d4435fe1f6d?s=96&d=mm&r=g\",\"contentUrl\":\"https:\/\/secure.gravatar.com\/avatar\/6fa6e1e9e35157d694387f1342e520bd122024b48932c58a8dd55d4435fe1f6d?s=96&d=mm&r=g\",\"caption\":\"Theo Brackx\"},\"sameAs\":[\"http:\/\/www.bma.brussels\"],\"url\":\"https:\/\/bma.brussels\/en\/author\/tbrackxbma-brussels\/\"}]}<\/script>\n<!-- \/ Yoast SEO plugin. -->","yoast_head_json":{"title":"SUSTAINABLE NEIGHBOURHOOD COORDINATOR - bma","robots":{"index":"index","follow":"follow","max-snippet":"max-snippet:-1","max-image-preview":"max-image-preview:large","max-video-preview":"max-video-preview:-1"},"canonical":"https:\/\/bma.brussels\/en\/sustainable-neighbourhood-coordinator\/","og_locale":"en_GB","og_type":"article","og_title":"SUSTAINABLE NEIGHBOURHOOD COORDINATOR - bma","og_description":"The Be Sustainable platform consists of a network, tools, inspiration, knowledge and a support service to build up ambitious sustainable neighbourhoods. Developed by the Brussels Region, this strategy is fully in line with the Brussels Regional Sustainable Development Plan (PRDD) and the United Nations\u2019 sustainable development targets. The platform is operated and developed by the [&hellip;]","og_url":"https:\/\/bma.brussels\/en\/sustainable-neighbourhood-coordinator\/","og_site_name":"bma","article_published_time":"2021-05-05T09:24:15+00:00","og_image":[{"width":1388,"height":920,"url":"https:\/\/bma.brussels\/app\/uploads\/2021\/04\/Image-facilitateur-QD.jpg","type":"image\/jpeg"}],"author":"Theo Brackx","twitter_card":"summary_large_image","twitter_misc":{"Written by":"Theo Brackx","Estimated reading time":"2 minutes"},"schema":{"@context":"https:\/\/schema.org","@graph":[{"@type":"WebPage","@id":"https:\/\/bma.brussels\/en\/sustainable-neighbourhood-coordinator\/","url":"https:\/\/bma.brussels\/en\/sustainable-neighbourhood-coordinator\/","name":"SUSTAINABLE NEIGHBOURHOOD COORDINATOR - bma","isPartOf":{"@id":"https:\/\/bma.brussels\/#website"},"primaryImageOfPage":{"@id":"https:\/\/bma.brussels\/en\/sustainable-neighbourhood-coordinator\/#primaryimage"},"image":{"@id":"https:\/\/bma.brussels\/en\/sustainable-neighbourhood-coordinator\/#primaryimage"},"thumbnailUrl":"https:\/\/bma.brussels\/app\/uploads\/2021\/04\/Image-facilitateur-QD.jpg","datePublished":"2021-05-05T09:24:15+00:00","author":{"@id":"https:\/\/bma.brussels\/#\/schema\/person\/b90cb0a3547e02b6d81d6fc110eca706"},"breadcrumb":{"@id":"https:\/\/bma.brussels\/en\/sustainable-neighbourhood-coordinator\/#breadcrumb"},"inLanguage":"en-GB","potentialAction":[{"@type":"ReadAction","target":["https:\/\/bma.brussels\/en\/sustainable-neighbourhood-coordinator\/"]}]},{"@type":"ImageObject","inLanguage":"en-GB","@id":"https:\/\/bma.brussels\/en\/sustainable-neighbourhood-coordinator\/#primaryimage","url":"https:\/\/bma.brussels\/app\/uploads\/2021\/04\/Image-facilitateur-QD.jpg","contentUrl":"https:\/\/bma.brussels\/app\/uploads\/2021\/04\/Image-facilitateur-QD.jpg","width":1388,"height":920,"caption":"(c) Bruxelles Environnement - Leefmilieu Brussel"},{"@type":"BreadcrumbList","@id":"https:\/\/bma.brussels\/en\/sustainable-neighbourhood-coordinator\/#breadcrumb","itemListElement":[{"@type":"ListItem","position":1,"name":"Accueil","item":"https:\/\/bma.brussels\/en\/"},{"@type":"ListItem","position":2,"name":"SUSTAINABLE NEIGHBOURHOOD COORDINATOR"}]},{"@type":"WebSite","@id":"https:\/\/bma.brussels\/#website","url":"https:\/\/bma.brussels\/","name":"bma","description":"","potentialAction":[{"@type":"SearchAction","target":{"@type":"EntryPoint","urlTemplate":"https:\/\/bma.brussels\/?s={search_term_string}"},"query-input":{"@type":"PropertyValueSpecification","valueRequired":true,"valueName":"search_term_string"}}],"inLanguage":"en-GB"},{"@type":"Person","@id":"https:\/\/bma.brussels\/#\/schema\/person\/b90cb0a3547e02b6d81d6fc110eca706","name":"Theo Brackx","image":{"@type":"ImageObject","inLanguage":"en-GB","@id":"https:\/\/bma.brussels\/#\/schema\/person\/image\/","url":"https:\/\/secure.gravatar.com\/avatar\/6fa6e1e9e35157d694387f1342e520bd122024b48932c58a8dd55d4435fe1f6d?s=96&d=mm&r=g","contentUrl":"https:\/\/secure.gravatar.com\/avatar\/6fa6e1e9e35157d694387f1342e520bd122024b48932c58a8dd55d4435fe1f6d?s=96&d=mm&r=g","caption":"Theo Brackx"},"sameAs":["http:\/\/www.bma.brussels"],"url":"https:\/\/bma.brussels\/en\/author\/tbrackxbma-brussels\/"}]}},"_links":{"self":[{"href":"https:\/\/bma.brussels\/en\/wp-json\/wp\/v2\/posts\/12884","targetHints":{"allow":["GET"]}}],"collection":[{"href":"https:\/\/bma.brussels\/en\/wp-json\/wp\/v2\/posts"}],"about":[{"href":"https:\/\/bma.brussels\/en\/wp-json\/wp\/v2\/types\/post"}],"author":[{"embeddable":true,"href":"https:\/\/bma.brussels\/en\/wp-json\/wp\/v2\/users\/16"}],"replies":[{"embeddable":true,"href":"https:\/\/bma.brussels\/en\/wp-json\/wp\/v2\/comments?post=12884"}],"version-history":[{"count":6,"href":"https:\/\/bma.brussels\/en\/wp-json\/wp\/v2\/posts\/12884\/revisions"}],"predecessor-version":[{"id":13008,"href":"https:\/\/bma.brussels\/en\/wp-json\/wp\/v2\/posts\/12884\/revisions\/13008"}],"wp:featuredmedia":[{"embeddable":true,"href":"https:\/\/bma.brussels\/en\/wp-json\/wp\/v2\/media\/12851"}],"wp:attachment":[{"href":"https:\/\/bma.brussels\/en\/wp-json\/wp\/v2\/media?parent=12884"}],"wp:term":[{"taxonomy":"category","embeddable":true,"href":"https:\/\/bma.brussels\/en\/wp-json\/wp\/v2\/categories?post=12884"},{"taxonomy":"post_tag","embeddable":true,"href":"https:\/\/bma.brussels\/en\/wp-json\/wp\/v2\/tags?post=12884"}],"curies":[{"name":"wp","href":"https:\/\/api.w.org\/{rel}","templated":true}]}}