{"id":12931,"date":"2021-05-03T14:08:21","date_gmt":"2021-05-03T12:08:21","guid":{"rendered":"https:\/\/bma.brussels\/?p=12931"},"modified":"2021-05-03T14:08:21","modified_gmt":"2021-05-03T12:08:21","slug":"snc-12","status":"publish","type":"post","link":"https:\/\/bma.brussels\/en\/snc-12\/","title":{"rendered":"SNC 12"},"content":{"rendered":"<p>The government of Brussels has selected the three new areas for this twelfth series of sustainable neighbourhood contracts. The selection process has been marked by the Covid crisis and difficulties linked to housing conditions, in particular for vulnerable groups. That is why the areas chosen all feature large social housing complexes. New areas which have never had access to a neighbourhood contract before are thus being considered for the first time. The needs are considerable; this is where the urban renovation policy really comes into its own.<\/p>\n<p><strong>Versailles, in the Ville de Bruxelles area<\/strong><br \/>\nAt the edge of Neder-over-Hembeek, Cit\u00e9 Versailles is a vast social housing complex built between 1968 and 1983 in a rural area. It features medium and high rise residential buildings, a mix of different architectural styles, and a green space running through it. Its morphology, based on the principle a park inhabited by people, resembles other social housing developments in the Brussels region such as the Peterbos neighbourhood in Anderlecht or the Cit\u00e9 Mod\u00e8le in Laeken. Isolated from the rest of greater Brussels, the Versailles neighbourhood is one of the lowest-income areas in the ZRU (Urban Revitalisation Zone) and faces significant social, environmental challenges.<\/p>\n<p><strong>Deux Cit\u00e9s in Forest<\/strong><br \/>\nDeux Cit\u00e9s covers approximately 13 ha and encompasses the Cit\u00e9-Jardin Forest Vert and Les Blocs Jaunes de la Nouvelle Cit\u00e9 estates. An agricultural area at the beginning of the 19th century, the neighbourhood progressively became urbanised with the arrival of manufacturing and industrial activities which took advantage of the presence of the Geleytsbeek and the nascent rail network. Names of roads such as <em>Verrerie<\/em> (Glassmakers), <em>Teinturerie<\/em> (Dyeing Factory), <em>Soierie <\/em>(Silk Factory), make reference this heritage. The recent renovations in Les Deux Cit\u00e9s, as well as the many ongoing nearby projects, call for closer attention to be paid to the needs of current and future residents to provide them with the necessary facilities and a welcoming environment.<\/p>\n<p><strong>One hundred years later, let&#8217;s bring magic back to Cit\u00e9 Moderne in Berchem-Sainte-Agathe\u00a0<\/strong><br \/>\nThis sustainable neighbourhood contract, awarded for the first time to the municipality of Berchem-Sainte-Agathe aims to staunch the slow process of decline that is affecting this early 20th century gem of modernist urbanism. It aims to rekindle the spirit which inspired the founders of the Cit\u00e9 Moderne a hundred years ago. To awaken a contemporary energy and ambition reflective of society as it is today and the diverse communities of which it is composed.<\/p>\n<p>The City of Brussels, the municipality of Forest and the municipality of Berchem-Sainte-Agathe are in search of teams to devise the basic scheme and produce an environmental impact report within the timeframes and as indicated in the Order dated 6 October 2016.<br \/>\nEach team may apply for one, two or all three CQDs.<\/p>\n<p><strong>SKILLS<\/strong><\/p>\n<ul>\n<li>Architect \u2013 Town Planner<\/li>\n<li>Experience in programming<\/li>\n<li>Experience in participation<\/li>\n<li>Skills to produce a satisfactory environmental impact report<\/li>\n<\/ul>\n<p><strong>AWARD CRITERIA<\/strong><\/p>\n<ul>\n<li>Quality of the score for district vision 40%<\/li>\n<li>Quality of the score for method 50%<\/li>\n<li>Ability to summarise scheme operations and actions 10%<\/li>\n<\/ul>\n<p><strong>BUDGET AND APPROXIMATE TIMING<\/strong><\/p>\n<ul>\n<li>For each of these 3 contracts, fees are set at about \u20ac105,000 net of VAT (program and EIR)<\/li>\n<li>The contracts must be assigned by mid-July.<\/li>\n<li>For each of the 3 contracts, disbursements of \u20ac1,500 will be allocated to each team invited to bid which submitted a consistent tender based on award criteria but not selected.<\/li>\n<\/ul>\n<p>If you are interested in the mission, please e-mail, <strong>before the 10th of May at 12pm <\/strong>the team of the bouwmeester maitre architecte\u00a0at <a href=\"mailto:appel-oproep@bma.brussels\">appel-oproep@bma.brussels<\/a> showing your interest, motivation and experience and giving your contact details and\/or those of the planned team (on a maximum of 1 attached A4 sheet). Please complete a separate, specific sheet of A4 for each CQD in which you are interested.<\/p>\n","protected":false},"excerpt":{"rendered":"<p>The government of Brussels has selected the three new areas for this twelfth series of sustainable neighbourhood contracts. The selection process has been marked by the Covid crisis and difficulties linked to housing conditions, in particular for vulnerable groups. That is why the areas chosen all feature large social housing complexes. New areas which have [&hellip;]<\/p>\n","protected":false},"author":16,"featured_media":12923,"comment_status":"closed","ping_status":"closed","sticky":false,"template":"","format":"standard","meta":{"_acf_changed":false,"footnotes":""},"categories":[259],"tags":[803,711,801,804,802],"class_list":["post-12931","post","type-post","status-publish","format-standard","has-post-thumbnail","hentry","category-news-en","tag-berchemsainteagathe-en","tag-diagnosis","tag-forest-en","tag-participation-en","tag-villedebruxelles-en"],"acf":[],"yoast_head":"<!-- This site is optimized with the Yoast SEO plugin v26.2 - https:\/\/yoast.com\/wordpress\/plugins\/seo\/ -->\n<title>SNC 12 - bma<\/title>\n<meta name=\"robots\" content=\"index, follow, max-snippet:-1, max-image-preview:large, max-video-preview:-1\" \/>\n<link rel=\"canonical\" href=\"https:\/\/bma.brussels\/en\/snc-12\/\" \/>\n<meta property=\"og:locale\" content=\"en_GB\" \/>\n<meta property=\"og:type\" content=\"article\" \/>\n<meta property=\"og:title\" content=\"SNC 12 - bma\" \/>\n<meta property=\"og:description\" content=\"The government of Brussels has selected the three new areas for this twelfth series of sustainable neighbourhood contracts. The selection process has been marked by the Covid crisis and difficulties linked to housing conditions, in particular for vulnerable groups. That is why the areas chosen all feature large social housing complexes. New areas which have [&hellip;]\" \/>\n<meta property=\"og:url\" content=\"https:\/\/bma.brussels\/en\/snc-12\/\" \/>\n<meta property=\"og:site_name\" content=\"bma\" \/>\n<meta property=\"article:published_time\" content=\"2021-05-03T12:08:21+00:00\" \/>\n<meta property=\"og:image\" content=\"https:\/\/bma.brussels\/app\/uploads\/2021\/05\/086_MAL1816_09.jpg\" \/>\n\t<meta property=\"og:image:width\" content=\"1920\" \/>\n\t<meta property=\"og:image:height\" content=\"1280\" \/>\n\t<meta property=\"og:image:type\" content=\"image\/jpeg\" \/>\n<meta name=\"author\" content=\"Theo Brackx\" \/>\n<meta name=\"twitter:card\" content=\"summary_large_image\" \/>\n<meta name=\"twitter:label1\" content=\"Written by\" \/>\n\t<meta name=\"twitter:data1\" content=\"Theo Brackx\" \/>\n\t<meta name=\"twitter:label2\" content=\"Estimated reading time\" \/>\n\t<meta name=\"twitter:data2\" content=\"3 minutes\" \/>\n<script type=\"application\/ld+json\" class=\"yoast-schema-graph\">{\"@context\":\"https:\/\/schema.org\",\"@graph\":[{\"@type\":\"WebPage\",\"@id\":\"https:\/\/bma.brussels\/en\/snc-12\/\",\"url\":\"https:\/\/bma.brussels\/en\/snc-12\/\",\"name\":\"SNC 12 - bma\",\"isPartOf\":{\"@id\":\"https:\/\/bma.brussels\/#website\"},\"primaryImageOfPage\":{\"@id\":\"https:\/\/bma.brussels\/en\/snc-12\/#primaryimage\"},\"image\":{\"@id\":\"https:\/\/bma.brussels\/en\/snc-12\/#primaryimage\"},\"thumbnailUrl\":\"https:\/\/bma.brussels\/app\/uploads\/2021\/05\/086_MAL1816_09.jpg\",\"datePublished\":\"2021-05-03T12:08:21+00:00\",\"author\":{\"@id\":\"https:\/\/bma.brussels\/#\/schema\/person\/b90cb0a3547e02b6d81d6fc110eca706\"},\"breadcrumb\":{\"@id\":\"https:\/\/bma.brussels\/en\/snc-12\/#breadcrumb\"},\"inLanguage\":\"en-GB\",\"potentialAction\":[{\"@type\":\"ReadAction\",\"target\":[\"https:\/\/bma.brussels\/en\/snc-12\/\"]}]},{\"@type\":\"ImageObject\",\"inLanguage\":\"en-GB\",\"@id\":\"https:\/\/bma.brussels\/en\/snc-12\/#primaryimage\",\"url\":\"https:\/\/bma.brussels\/app\/uploads\/2021\/05\/086_MAL1816_09.jpg\",\"contentUrl\":\"https:\/\/bma.brussels\/app\/uploads\/2021\/05\/086_MAL1816_09.jpg\",\"width\":1920,\"height\":1280,\"caption\":\"(c) S\u00e9verin Malaud\"},{\"@type\":\"BreadcrumbList\",\"@id\":\"https:\/\/bma.brussels\/en\/snc-12\/#breadcrumb\",\"itemListElement\":[{\"@type\":\"ListItem\",\"position\":1,\"name\":\"Accueil\",\"item\":\"https:\/\/bma.brussels\/en\/\"},{\"@type\":\"ListItem\",\"position\":2,\"name\":\"SNC 12\"}]},{\"@type\":\"WebSite\",\"@id\":\"https:\/\/bma.brussels\/#website\",\"url\":\"https:\/\/bma.brussels\/\",\"name\":\"bma\",\"description\":\"\",\"potentialAction\":[{\"@type\":\"SearchAction\",\"target\":{\"@type\":\"EntryPoint\",\"urlTemplate\":\"https:\/\/bma.brussels\/?s={search_term_string}\"},\"query-input\":{\"@type\":\"PropertyValueSpecification\",\"valueRequired\":true,\"valueName\":\"search_term_string\"}}],\"inLanguage\":\"en-GB\"},{\"@type\":\"Person\",\"@id\":\"https:\/\/bma.brussels\/#\/schema\/person\/b90cb0a3547e02b6d81d6fc110eca706\",\"name\":\"Theo Brackx\",\"image\":{\"@type\":\"ImageObject\",\"inLanguage\":\"en-GB\",\"@id\":\"https:\/\/bma.brussels\/#\/schema\/person\/image\/\",\"url\":\"https:\/\/secure.gravatar.com\/avatar\/6fa6e1e9e35157d694387f1342e520bd122024b48932c58a8dd55d4435fe1f6d?s=96&d=mm&r=g\",\"contentUrl\":\"https:\/\/secure.gravatar.com\/avatar\/6fa6e1e9e35157d694387f1342e520bd122024b48932c58a8dd55d4435fe1f6d?s=96&d=mm&r=g\",\"caption\":\"Theo Brackx\"},\"sameAs\":[\"http:\/\/www.bma.brussels\"],\"url\":\"https:\/\/bma.brussels\/en\/author\/tbrackxbma-brussels\/\"}]}<\/script>\n<!-- \/ Yoast SEO plugin. -->","yoast_head_json":{"title":"SNC 12 - bma","robots":{"index":"index","follow":"follow","max-snippet":"max-snippet:-1","max-image-preview":"max-image-preview:large","max-video-preview":"max-video-preview:-1"},"canonical":"https:\/\/bma.brussels\/en\/snc-12\/","og_locale":"en_GB","og_type":"article","og_title":"SNC 12 - bma","og_description":"The government of Brussels has selected the three new areas for this twelfth series of sustainable neighbourhood contracts. The selection process has been marked by the Covid crisis and difficulties linked to housing conditions, in particular for vulnerable groups. That is why the areas chosen all feature large social housing complexes. New areas which have [&hellip;]","og_url":"https:\/\/bma.brussels\/en\/snc-12\/","og_site_name":"bma","article_published_time":"2021-05-03T12:08:21+00:00","og_image":[{"width":1920,"height":1280,"url":"https:\/\/bma.brussels\/app\/uploads\/2021\/05\/086_MAL1816_09.jpg","type":"image\/jpeg"}],"author":"Theo Brackx","twitter_card":"summary_large_image","twitter_misc":{"Written by":"Theo Brackx","Estimated reading time":"3 minutes"},"schema":{"@context":"https:\/\/schema.org","@graph":[{"@type":"WebPage","@id":"https:\/\/bma.brussels\/en\/snc-12\/","url":"https:\/\/bma.brussels\/en\/snc-12\/","name":"SNC 12 - bma","isPartOf":{"@id":"https:\/\/bma.brussels\/#website"},"primaryImageOfPage":{"@id":"https:\/\/bma.brussels\/en\/snc-12\/#primaryimage"},"image":{"@id":"https:\/\/bma.brussels\/en\/snc-12\/#primaryimage"},"thumbnailUrl":"https:\/\/bma.brussels\/app\/uploads\/2021\/05\/086_MAL1816_09.jpg","datePublished":"2021-05-03T12:08:21+00:00","author":{"@id":"https:\/\/bma.brussels\/#\/schema\/person\/b90cb0a3547e02b6d81d6fc110eca706"},"breadcrumb":{"@id":"https:\/\/bma.brussels\/en\/snc-12\/#breadcrumb"},"inLanguage":"en-GB","potentialAction":[{"@type":"ReadAction","target":["https:\/\/bma.brussels\/en\/snc-12\/"]}]},{"@type":"ImageObject","inLanguage":"en-GB","@id":"https:\/\/bma.brussels\/en\/snc-12\/#primaryimage","url":"https:\/\/bma.brussels\/app\/uploads\/2021\/05\/086_MAL1816_09.jpg","contentUrl":"https:\/\/bma.brussels\/app\/uploads\/2021\/05\/086_MAL1816_09.jpg","width":1920,"height":1280,"caption":"(c) S\u00e9verin Malaud"},{"@type":"BreadcrumbList","@id":"https:\/\/bma.brussels\/en\/snc-12\/#breadcrumb","itemListElement":[{"@type":"ListItem","position":1,"name":"Accueil","item":"https:\/\/bma.brussels\/en\/"},{"@type":"ListItem","position":2,"name":"SNC 12"}]},{"@type":"WebSite","@id":"https:\/\/bma.brussels\/#website","url":"https:\/\/bma.brussels\/","name":"bma","description":"","potentialAction":[{"@type":"SearchAction","target":{"@type":"EntryPoint","urlTemplate":"https:\/\/bma.brussels\/?s={search_term_string}"},"query-input":{"@type":"PropertyValueSpecification","valueRequired":true,"valueName":"search_term_string"}}],"inLanguage":"en-GB"},{"@type":"Person","@id":"https:\/\/bma.brussels\/#\/schema\/person\/b90cb0a3547e02b6d81d6fc110eca706","name":"Theo Brackx","image":{"@type":"ImageObject","inLanguage":"en-GB","@id":"https:\/\/bma.brussels\/#\/schema\/person\/image\/","url":"https:\/\/secure.gravatar.com\/avatar\/6fa6e1e9e35157d694387f1342e520bd122024b48932c58a8dd55d4435fe1f6d?s=96&d=mm&r=g","contentUrl":"https:\/\/secure.gravatar.com\/avatar\/6fa6e1e9e35157d694387f1342e520bd122024b48932c58a8dd55d4435fe1f6d?s=96&d=mm&r=g","caption":"Theo Brackx"},"sameAs":["http:\/\/www.bma.brussels"],"url":"https:\/\/bma.brussels\/en\/author\/tbrackxbma-brussels\/"}]}},"_links":{"self":[{"href":"https:\/\/bma.brussels\/en\/wp-json\/wp\/v2\/posts\/12931","targetHints":{"allow":["GET"]}}],"collection":[{"href":"https:\/\/bma.brussels\/en\/wp-json\/wp\/v2\/posts"}],"about":[{"href":"https:\/\/bma.brussels\/en\/wp-json\/wp\/v2\/types\/post"}],"author":[{"embeddable":true,"href":"https:\/\/bma.brussels\/en\/wp-json\/wp\/v2\/users\/16"}],"replies":[{"embeddable":true,"href":"https:\/\/bma.brussels\/en\/wp-json\/wp\/v2\/comments?post=12931"}],"version-history":[{"count":4,"href":"https:\/\/bma.brussels\/en\/wp-json\/wp\/v2\/posts\/12931\/revisions"}],"predecessor-version":[{"id":12941,"href":"https:\/\/bma.brussels\/en\/wp-json\/wp\/v2\/posts\/12931\/revisions\/12941"}],"wp:featuredmedia":[{"embeddable":true,"href":"https:\/\/bma.brussels\/en\/wp-json\/wp\/v2\/media\/12923"}],"wp:attachment":[{"href":"https:\/\/bma.brussels\/en\/wp-json\/wp\/v2\/media?parent=12931"}],"wp:term":[{"taxonomy":"category","embeddable":true,"href":"https:\/\/bma.brussels\/en\/wp-json\/wp\/v2\/categories?post=12931"},{"taxonomy":"post_tag","embeddable":true,"href":"https:\/\/bma.brussels\/en\/wp-json\/wp\/v2\/tags?post=12931"}],"curies":[{"name":"wp","href":"https:\/\/api.w.org\/{rel}","templated":true}]}}