{"id":25683,"date":"2024-05-24T12:13:17","date_gmt":"2024-05-24T10:13:17","guid":{"rendered":"https:\/\/bma.brussels\/?p=25683"},"modified":"2024-05-24T12:13:17","modified_gmt":"2024-05-24T10:13:17","slug":"facilitators-autoluwe-wijken","status":"publish","type":"post","link":"https:\/\/bma.brussels\/nl\/facilitators-autoluwe-wijken\/","title":{"rendered":"FACILITATORS AUTOLUWE WIJKEN"},"content":{"rendered":"<div>\n<p>Het gewestelijk mobiliteitsplan Good Move heeft een nieuw instrument ingevoerd, bekend als het \u2018<em>Lokaal Mobiliteitscontract\u2019<\/em> of kortweg \u2018<em>LMC\u2019<\/em>, dat tot doel heeft de wijk te verbeteren door het autoverkeer in de Brusselse wijken te verminderen en door de actieve vervoersmodi en openbaar vervoer te bevorderen.<\/p>\n<p>Met de LMC\u2019s tracht men de Brusselse inwoners aan te zetten tot een meer rationele en energie-effici\u00ebnte vorm van mobiliteit. De doelstellingen zijn het verminderen van de CO2-uitstoot, het verbeteren van de leefomgeving en Brussel beter bestand maken tegen de klimaatopwarming.<\/p>\n<p>In 2020 zijn er 10 LMC\u2019s van start gegaan met een eerste uitvoering op het terrein in 2022. Sindsdien werd voor de gemeenten een nieuwe projectoproep gedaan om vanaf 2023 vijf nieuwe LMC&#8217;s op te starten. Op basis van deze ervaringen wil Brussel Mobiliteit haar competenties op het vlak van ondersteuning, opvolging en uitvoering van Lokale Mobiliteitscontracten versterken en ontwikkelen.<\/p>\n<p>De raamovereenkomst is hiervoor opgedeeld in 2 afzonderlijke loten:<\/p>\n<\/div>\n<ul>\n<li><u>Lot 1: Uitvoeringsplannen en opvolging van de uitvoering.<\/u> Dit omvat de organisatie van de realisatie en de opvolging van de uitvoering.<\/li>\n<li><u>Lot 2: Ontwerp en realisatie van bijzondere locaties.<\/u> Dit lot bestaat uit het voorstellen en uitvoeren van tijdelijke inrichtingen. Het team zal de buurtbewoners raadplegen en\/of betrekken in de co-constructie van de tijdelijke inrichting.<\/li>\n<\/ul>\n<div>\n<p>Elk lot wordt aan \u00e9\u00e9n inschrijver gegund. De raamovereenkomst heeft een vaste looptijd van \u00e9\u00e9n jaar, die tweemaal kan worden verlengd.<\/p>\n<p>Ge\u00efnteresseerde kandidaten worden verzocht uiterlijk op 20.06.2024 om 11uur om een offerte in te dienen voor deze procedure in \u00e9\u00e9n stap.<\/p>\n<\/div>\n","protected":false},"excerpt":{"rendered":"<p>Het gewestelijk mobiliteitsplan Good Move heeft een nieuw instrument ingevoerd, bekend als het \u2018Lokaal Mobiliteitscontract\u2019 of kortweg \u2018LMC\u2019, dat tot doel heeft de wijk te verbeteren door het autoverkeer in de Brusselse wijken te verminderen en door de actieve vervoersmodi en openbaar vervoer te bevorderen. Met de LMC\u2019s tracht men de Brusselse inwoners aan te [&hellip;]<\/p>\n","protected":false},"author":16,"featured_media":25680,"comment_status":"closed","ping_status":"closed","sticky":false,"template":"","format":"standard","meta":{"_acf_changed":false,"footnotes":""},"categories":[106],"tags":[],"class_list":["post-25683","post","type-post","status-publish","format-standard","has-post-thumbnail","hentry","category-oproepen"],"acf":[],"yoast_head":"<!-- This site is optimized with the Yoast SEO plugin v26.2 - https:\/\/yoast.com\/wordpress\/plugins\/seo\/ -->\n<title>FACILITATORS AUTOLUWE WIJKEN - bma<\/title>\n<meta name=\"robots\" content=\"index, follow, max-snippet:-1, max-image-preview:large, max-video-preview:-1\" \/>\n<link rel=\"canonical\" href=\"https:\/\/bma.brussels\/nl\/facilitators-autoluwe-wijken\/\" \/>\n<meta property=\"og:locale\" content=\"nl_BE\" \/>\n<meta property=\"og:type\" content=\"article\" \/>\n<meta property=\"og:title\" content=\"FACILITATORS AUTOLUWE WIJKEN - bma\" \/>\n<meta property=\"og:description\" content=\"Het gewestelijk mobiliteitsplan Good Move heeft een nieuw instrument ingevoerd, bekend als het \u2018Lokaal Mobiliteitscontract\u2019 of kortweg \u2018LMC\u2019, dat tot doel heeft de wijk te verbeteren door het autoverkeer in de Brusselse wijken te verminderen en door de actieve vervoersmodi en openbaar vervoer te bevorderen. Met de LMC\u2019s tracht men de Brusselse inwoners aan te [&hellip;]\" \/>\n<meta property=\"og:url\" content=\"https:\/\/bma.brussels\/nl\/facilitators-autoluwe-wijken\/\" \/>\n<meta property=\"og:site_name\" content=\"bma\" \/>\n<meta property=\"article:published_time\" content=\"2024-05-24T10:13:17+00:00\" \/>\n<meta property=\"og:image\" content=\"https:\/\/bma.brussels\/app\/uploads\/2024\/05\/Urban.Brussels-\u00a9-Severin-Malaud-RS57104_CQ_068_MAL1910_10-1.jpg\" \/>\n\t<meta property=\"og:image:width\" content=\"1427\" \/>\n\t<meta property=\"og:image:height\" content=\"952\" \/>\n\t<meta property=\"og:image:type\" content=\"image\/jpeg\" \/>\n<meta name=\"author\" content=\"Theo Brackx\" \/>\n<meta name=\"twitter:card\" content=\"summary_large_image\" \/>\n<meta name=\"twitter:label1\" content=\"Geschreven door\" \/>\n\t<meta name=\"twitter:data1\" content=\"Theo Brackx\" \/>\n\t<meta name=\"twitter:label2\" content=\"Geschatte leestijd\" \/>\n\t<meta name=\"twitter:data2\" content=\"1 minuut\" \/>\n<script type=\"application\/ld+json\" class=\"yoast-schema-graph\">{\"@context\":\"https:\/\/schema.org\",\"@graph\":[{\"@type\":\"WebPage\",\"@id\":\"https:\/\/bma.brussels\/nl\/facilitators-autoluwe-wijken\/\",\"url\":\"https:\/\/bma.brussels\/nl\/facilitators-autoluwe-wijken\/\",\"name\":\"FACILITATORS AUTOLUWE WIJKEN - bma\",\"isPartOf\":{\"@id\":\"https:\/\/bma.brussels\/#website\"},\"primaryImageOfPage\":{\"@id\":\"https:\/\/bma.brussels\/nl\/facilitators-autoluwe-wijken\/#primaryimage\"},\"image\":{\"@id\":\"https:\/\/bma.brussels\/nl\/facilitators-autoluwe-wijken\/#primaryimage\"},\"thumbnailUrl\":\"https:\/\/bma.brussels\/app\/uploads\/2024\/05\/Urban.Brussels-\u00a9-Severin-Malaud-RS57104_CQ_068_MAL1910_10-1.jpg\",\"datePublished\":\"2024-05-24T10:13:17+00:00\",\"author\":{\"@id\":\"https:\/\/bma.brussels\/#\/schema\/person\/b90cb0a3547e02b6d81d6fc110eca706\"},\"breadcrumb\":{\"@id\":\"https:\/\/bma.brussels\/nl\/facilitators-autoluwe-wijken\/#breadcrumb\"},\"inLanguage\":\"nl-BE\",\"potentialAction\":[{\"@type\":\"ReadAction\",\"target\":[\"https:\/\/bma.brussels\/nl\/facilitators-autoluwe-wijken\/\"]}]},{\"@type\":\"ImageObject\",\"inLanguage\":\"nl-BE\",\"@id\":\"https:\/\/bma.brussels\/nl\/facilitators-autoluwe-wijken\/#primaryimage\",\"url\":\"https:\/\/bma.brussels\/app\/uploads\/2024\/05\/Urban.Brussels-\u00a9-Severin-Malaud-RS57104_CQ_068_MAL1910_10-1.jpg\",\"contentUrl\":\"https:\/\/bma.brussels\/app\/uploads\/2024\/05\/Urban.Brussels-\u00a9-Severin-Malaud-RS57104_CQ_068_MAL1910_10-1.jpg\",\"width\":1427,\"height\":952,\"caption\":\"Urban.Brussels \u00a9 S\u00e9verin Malaud\"},{\"@type\":\"BreadcrumbList\",\"@id\":\"https:\/\/bma.brussels\/nl\/facilitators-autoluwe-wijken\/#breadcrumb\",\"itemListElement\":[{\"@type\":\"ListItem\",\"position\":1,\"name\":\"Accueil\",\"item\":\"https:\/\/bma.brussels\/nl\/\"},{\"@type\":\"ListItem\",\"position\":2,\"name\":\"FACILITATORS AUTOLUWE WIJKEN\"}]},{\"@type\":\"WebSite\",\"@id\":\"https:\/\/bma.brussels\/#website\",\"url\":\"https:\/\/bma.brussels\/\",\"name\":\"bma\",\"description\":\"\",\"potentialAction\":[{\"@type\":\"SearchAction\",\"target\":{\"@type\":\"EntryPoint\",\"urlTemplate\":\"https:\/\/bma.brussels\/?s={search_term_string}\"},\"query-input\":{\"@type\":\"PropertyValueSpecification\",\"valueRequired\":true,\"valueName\":\"search_term_string\"}}],\"inLanguage\":\"nl-BE\"},{\"@type\":\"Person\",\"@id\":\"https:\/\/bma.brussels\/#\/schema\/person\/b90cb0a3547e02b6d81d6fc110eca706\",\"name\":\"Theo Brackx\",\"image\":{\"@type\":\"ImageObject\",\"inLanguage\":\"nl-BE\",\"@id\":\"https:\/\/bma.brussels\/#\/schema\/person\/image\/\",\"url\":\"https:\/\/secure.gravatar.com\/avatar\/6fa6e1e9e35157d694387f1342e520bd122024b48932c58a8dd55d4435fe1f6d?s=96&d=mm&r=g\",\"contentUrl\":\"https:\/\/secure.gravatar.com\/avatar\/6fa6e1e9e35157d694387f1342e520bd122024b48932c58a8dd55d4435fe1f6d?s=96&d=mm&r=g\",\"caption\":\"Theo Brackx\"},\"sameAs\":[\"http:\/\/www.bma.brussels\"],\"url\":\"https:\/\/bma.brussels\/nl\/author\/tbrackxbma-brussels\/\"}]}<\/script>\n<!-- \/ Yoast SEO plugin. -->","yoast_head_json":{"title":"FACILITATORS AUTOLUWE WIJKEN - bma","robots":{"index":"index","follow":"follow","max-snippet":"max-snippet:-1","max-image-preview":"max-image-preview:large","max-video-preview":"max-video-preview:-1"},"canonical":"https:\/\/bma.brussels\/nl\/facilitators-autoluwe-wijken\/","og_locale":"nl_BE","og_type":"article","og_title":"FACILITATORS AUTOLUWE WIJKEN - bma","og_description":"Het gewestelijk mobiliteitsplan Good Move heeft een nieuw instrument ingevoerd, bekend als het \u2018Lokaal Mobiliteitscontract\u2019 of kortweg \u2018LMC\u2019, dat tot doel heeft de wijk te verbeteren door het autoverkeer in de Brusselse wijken te verminderen en door de actieve vervoersmodi en openbaar vervoer te bevorderen. Met de LMC\u2019s tracht men de Brusselse inwoners aan te [&hellip;]","og_url":"https:\/\/bma.brussels\/nl\/facilitators-autoluwe-wijken\/","og_site_name":"bma","article_published_time":"2024-05-24T10:13:17+00:00","og_image":[{"width":1427,"height":952,"url":"https:\/\/bma.brussels\/app\/uploads\/2024\/05\/Urban.Brussels-\u00a9-Severin-Malaud-RS57104_CQ_068_MAL1910_10-1.jpg","type":"image\/jpeg"}],"author":"Theo Brackx","twitter_card":"summary_large_image","twitter_misc":{"Geschreven door":"Theo Brackx","Geschatte leestijd":"1 minuut"},"schema":{"@context":"https:\/\/schema.org","@graph":[{"@type":"WebPage","@id":"https:\/\/bma.brussels\/nl\/facilitators-autoluwe-wijken\/","url":"https:\/\/bma.brussels\/nl\/facilitators-autoluwe-wijken\/","name":"FACILITATORS AUTOLUWE WIJKEN - bma","isPartOf":{"@id":"https:\/\/bma.brussels\/#website"},"primaryImageOfPage":{"@id":"https:\/\/bma.brussels\/nl\/facilitators-autoluwe-wijken\/#primaryimage"},"image":{"@id":"https:\/\/bma.brussels\/nl\/facilitators-autoluwe-wijken\/#primaryimage"},"thumbnailUrl":"https:\/\/bma.brussels\/app\/uploads\/2024\/05\/Urban.Brussels-\u00a9-Severin-Malaud-RS57104_CQ_068_MAL1910_10-1.jpg","datePublished":"2024-05-24T10:13:17+00:00","author":{"@id":"https:\/\/bma.brussels\/#\/schema\/person\/b90cb0a3547e02b6d81d6fc110eca706"},"breadcrumb":{"@id":"https:\/\/bma.brussels\/nl\/facilitators-autoluwe-wijken\/#breadcrumb"},"inLanguage":"nl-BE","potentialAction":[{"@type":"ReadAction","target":["https:\/\/bma.brussels\/nl\/facilitators-autoluwe-wijken\/"]}]},{"@type":"ImageObject","inLanguage":"nl-BE","@id":"https:\/\/bma.brussels\/nl\/facilitators-autoluwe-wijken\/#primaryimage","url":"https:\/\/bma.brussels\/app\/uploads\/2024\/05\/Urban.Brussels-\u00a9-Severin-Malaud-RS57104_CQ_068_MAL1910_10-1.jpg","contentUrl":"https:\/\/bma.brussels\/app\/uploads\/2024\/05\/Urban.Brussels-\u00a9-Severin-Malaud-RS57104_CQ_068_MAL1910_10-1.jpg","width":1427,"height":952,"caption":"Urban.Brussels \u00a9 S\u00e9verin Malaud"},{"@type":"BreadcrumbList","@id":"https:\/\/bma.brussels\/nl\/facilitators-autoluwe-wijken\/#breadcrumb","itemListElement":[{"@type":"ListItem","position":1,"name":"Accueil","item":"https:\/\/bma.brussels\/nl\/"},{"@type":"ListItem","position":2,"name":"FACILITATORS AUTOLUWE WIJKEN"}]},{"@type":"WebSite","@id":"https:\/\/bma.brussels\/#website","url":"https:\/\/bma.brussels\/","name":"bma","description":"","potentialAction":[{"@type":"SearchAction","target":{"@type":"EntryPoint","urlTemplate":"https:\/\/bma.brussels\/?s={search_term_string}"},"query-input":{"@type":"PropertyValueSpecification","valueRequired":true,"valueName":"search_term_string"}}],"inLanguage":"nl-BE"},{"@type":"Person","@id":"https:\/\/bma.brussels\/#\/schema\/person\/b90cb0a3547e02b6d81d6fc110eca706","name":"Theo Brackx","image":{"@type":"ImageObject","inLanguage":"nl-BE","@id":"https:\/\/bma.brussels\/#\/schema\/person\/image\/","url":"https:\/\/secure.gravatar.com\/avatar\/6fa6e1e9e35157d694387f1342e520bd122024b48932c58a8dd55d4435fe1f6d?s=96&d=mm&r=g","contentUrl":"https:\/\/secure.gravatar.com\/avatar\/6fa6e1e9e35157d694387f1342e520bd122024b48932c58a8dd55d4435fe1f6d?s=96&d=mm&r=g","caption":"Theo Brackx"},"sameAs":["http:\/\/www.bma.brussels"],"url":"https:\/\/bma.brussels\/nl\/author\/tbrackxbma-brussels\/"}]}},"_links":{"self":[{"href":"https:\/\/bma.brussels\/nl\/wp-json\/wp\/v2\/posts\/25683","targetHints":{"allow":["GET"]}}],"collection":[{"href":"https:\/\/bma.brussels\/nl\/wp-json\/wp\/v2\/posts"}],"about":[{"href":"https:\/\/bma.brussels\/nl\/wp-json\/wp\/v2\/types\/post"}],"author":[{"embeddable":true,"href":"https:\/\/bma.brussels\/nl\/wp-json\/wp\/v2\/users\/16"}],"replies":[{"embeddable":true,"href":"https:\/\/bma.brussels\/nl\/wp-json\/wp\/v2\/comments?post=25683"}],"version-history":[{"count":5,"href":"https:\/\/bma.brussels\/nl\/wp-json\/wp\/v2\/posts\/25683\/revisions"}],"predecessor-version":[{"id":25693,"href":"https:\/\/bma.brussels\/nl\/wp-json\/wp\/v2\/posts\/25683\/revisions\/25693"}],"wp:featuredmedia":[{"embeddable":true,"href":"https:\/\/bma.brussels\/nl\/wp-json\/wp\/v2\/media\/25680"}],"wp:attachment":[{"href":"https:\/\/bma.brussels\/nl\/wp-json\/wp\/v2\/media?parent=25683"}],"wp:term":[{"taxonomy":"category","embeddable":true,"href":"https:\/\/bma.brussels\/nl\/wp-json\/wp\/v2\/categories?post=25683"},{"taxonomy":"post_tag","embeddable":true,"href":"https:\/\/bma.brussels\/nl\/wp-json\/wp\/v2\/tags?post=25683"}],"curies":[{"name":"wp","href":"https:\/\/api.w.org\/{rel}","templated":true}]}}